{"id":3562,"date":"2026-06-03T16:37:31","date_gmt":"2026-06-03T16:37:31","guid":{"rendered":"https:\/\/keittioni.fkinw.com\/staging\/?p=3562"},"modified":"2026-06-03T16:37:31","modified_gmt":"2026-06-03T16:37:31","slug":"he-eivat-juoneet-he-eivat-polttaneet-viiden-ardechessa-auto-onnettomuudessa-kuolleen-nuoren-aidit-rikkovat-hiljaisuuden-2","status":"publish","type":"post","link":"https:\/\/keittioni.fkinw.com\/staging\/he-eivat-juoneet-he-eivat-polttaneet-viiden-ardechessa-auto-onnettomuudessa-kuolleen-nuoren-aidit-rikkovat-hiljaisuuden-2\/","title":{"rendered":"&#8220;He eiv\u00e4t juoneet, he eiv\u00e4t polttaneet&#8221;: viiden Ard\u00e8chessa auto-onnettomuudessa kuolleen nuoren \u00e4idit rikkovat hiljaisuuden"},"content":{"rendered":"<p>Tunnekuohuisessa hiljaisuudessa viiden Ard\u00e8chen alueella kadonneen teini-ik\u00e4isen perheet puhuivat arvokkaasti muistellen l\u00e4heisi\u00e4 nuoria ja uhmaten h\u00e4t\u00e4isi\u00e4 tuomioita.<\/p>\n<p>Viel\u00e4kin tunteellisessa hiljaisuudessa viiden Ard\u00e8chen alueella kadonneen teini-ik\u00e4isen perheet puhuivat syd\u00e4nt\u00e4s\u00e4rkev\u00e4ll\u00e4 arvokkuudella. N\u00e4m\u00e4 nuoret, jotka olivat vain l\u00e4hteneet ulos nauttimaan ajasta yst\u00e4vien kanssa, eiv\u00e4t koskaan palanneet. J\u00e4rkytyksen j\u00e4lkeen heid\u00e4n \u00e4itins\u00e4 toivoivat ennen kaikkea muistavansa, keit\u00e4 he todella olivat: l\u00e4heisi\u00e4, intohimoisia ja vaatimattomia teini-ik\u00e4isi\u00e4. Heid\u00e4n liikuttava todistuksensa, t\u00e4ynn\u00e4 rakkautta ja tuskaa, paljastaa todellisuuden, joka on kaukana h\u00e4t\u00e4isist\u00e4 tuomioista.<\/p>\n<p>Viikonloppu yst\u00e4vien kanssa, joka muuttuu traagiseksi<\/p>\n<p>Toukokuun 1. p\u00e4iv\u00e4n\u00e4 joukko Rh\u00f4nen alueen nuoria oli suunnitellut viett\u00e4v\u00e4ns\u00e4 pitk\u00e4n viikonlopun yhdess\u00e4 yksinkertaisen ja yst\u00e4v\u00e4llisen aktiviteetin parissa. Moottoripy\u00f6rist\u00e4 intohimoisina ja vuosien yst\u00e4vyyden yhdist\u00e4min\u00e4 he olivat j\u00e4rjest\u00e4neet retken Ard\u00e8chen j\u00e4rvelle. Heid\u00e4n perheilleen se oli tavallinen, l\u00e4hes rutiininomainen hetki, t\u00e4ynn\u00e4 yhdess\u00e4olon iloa yst\u00e4vien kanssa. Mik\u00e4\u00e4n ei aavistanut, ett\u00e4 t\u00e4m\u00e4 retki muuttuisi tragediaksi ja tuhoaisi useita koteja vain muutamassa hetkess\u00e4. Tiivis ryhm\u00e4 oli pitk\u00e4\u00e4n jakanut yksinkertaisia \u200b\u200barkip\u00e4iv\u00e4n hetki\u00e4 opiskelun, autoharrastuksen ja yst\u00e4vien kanssa vietettyjen retkien lomassa, mik\u00e4 vahvisti entisest\u00e4\u00e4n heid\u00e4n v\u00e4list\u00e4 sidett\u00e4\u00e4n.<\/p>\n<p>Onnettomuus, joka j\u00e4rkytt\u00e4\u00e4 koko aluetta<\/p>\n<p>Tie, jolla he kulkivat, kapea ja mutkitteleva, tunnetaan paikallisesti \u00e4\u00e4rimm\u00e4ist\u00e4 varovaisuutta vaativana. Viranomaisten viel\u00e4 tutkimissa olosuhteissa viisi teini-ik\u00e4ist\u00e4 kuljettanut ajoneuvo suistui tielt\u00e4 ja sy\u00f6ksyi rotkoon. H\u00e4t\u00e4palvelut saapuivat nopeasti, mutta pystyiv\u00e4t vain vahvistamaan korjaamattomat vahingot. Toisessa ajoneuvossa olleet muut nuoret seurasivat avuttomana tilanteen kehittymist\u00e4 ennen kuin h\u00e4lytettiin. Ymp\u00e4r\u00f6iv\u00e4t yhteis\u00f6t joutuivat nopeasti surun valtaan, ja t\u00e4m\u00e4 tragedia, joka on j\u00e4tt\u00e4nyt j\u00e4lkens\u00e4 kaikkiin, oli koskettanut heit\u00e4 syv\u00e4sti. Viranomaiset korostavat my\u00f6s varovaisuuden t\u00e4rkeytt\u00e4 sivuteill\u00e4, jotka ovat usein vaarallisempia rakenteensa ja vaihtelevien liikenneolosuhteidensa vuoksi.<\/p>\n<p>Perheet j\u00e4rkytyksen ja arvokkuuden v\u00e4lill\u00e4<\/p>\n<p>Tragedian j\u00e4lkimainingeissa uhrien perheet suostuivat puhumaan hillitysti ja rohkeasti. \u00c4idit kuvailevat lapsiaan ensisijaisesti tiiviiksi, intohimoisiksi teini-ik\u00e4isiksi, jotka ovat syv\u00e4sti sitoutuneita yst\u00e4vyyssuhteisiinsa. He korostavat yksinkertaisuuttaan ja el\u00e4m\u00e4niloaan, kaukana kaikesta negatiivisesta mielikuvasta. Surussaan n\u00e4m\u00e4 sanat pyrkiv\u00e4t my\u00f6s muistuttamaan meit\u00e4 lastensa ihmisyydest\u00e4, joka usein liian nopeasti kutistuu traagisiin olosuhteisiin. Heid\u00e4n halukkuutensa puhua heijastaa syv\u00e4\u00e4 ymm\u00e4rryksen ja kunnioituksen tarvetta ennenn\u00e4kem\u00e4tt\u00f6m\u00e4n koettelemuksen edess\u00e4. Perheille n\u00e4m\u00e4 todistukset auttavat my\u00f6s pit\u00e4m\u00e4\u00e4n lasten muiston elossa, korostaen heid\u00e4n persoonallisuuttaan ja unelmiaan. Kivun lis\u00e4ksi he toivovat my\u00f6s, ett\u00e4 n\u00e4ihin nuoriin suhtaudutaan my\u00f6t\u00e4tuntoisesti, ilman h\u00e4t\u00e4isi\u00e4 tuomioita, jotta heid\u00e4n kollektiivinen muistinsa s\u00e4ilyisi.<\/p>\n<p>Tukea t\u00e4m\u00e4n koettelemuksen voittamiseksi<!--nextpage--><\/p>\n<p>Vastauksena t\u00e4h\u00e4n tragediaan paikallisviranomaiset ovat ottaneet k\u00e4ytt\u00f6\u00f6n psykologista tukea omaisille ja todistajille. Kuuntelukeskuksia on perustettu tarjoamaan v\u00e4lit\u00f6nt\u00e4 tukea k\u00e4rsineille perheille. N\u00e4in\u00e4 vaikeina aikoina paikallisella solidaarisuudella on t\u00e4rke\u00e4 rooli, sill\u00e4 se tarjoaa inhimillist\u00e4 yhteytt\u00e4 ja k\u00e4yt\u00e4nn\u00f6n apua. My\u00f6s asukkaat ilmaisevat suruaan ja haluaan kokoontua perheiden ymp\u00e4rille tukeakseen heit\u00e4 t\u00e4m\u00e4n koettelemuksen l\u00e4pi. T\u00e4st\u00e4 kollektiivisesta tuesta on tulossa t\u00e4rke\u00e4 askel paranemisprosessissa. N\u00e4iden tukij\u00e4rjestelmien tavoitteena on ohjata perheit\u00e4 v\u00e4hitellen takaisin emotionaalisen vakauden tilaan kunnioittaen samalla heid\u00e4n rytmi\u00e4\u00e4n ja yksityisyytt\u00e4\u00e4n. Niit\u00e4 tukevat my\u00f6s ammattilaiset ja paikalliset yhdistykset, jotka on mobilisoitu tarjoamaan jatkuvaa apua.<\/p>\n<p>Kivulias muisto, joka muistuttaa meit\u00e4 yhteisen el\u00e4m\u00e4n arvokkaasta hauraudesta.<\/p>\n<p>&nbsp;<\/p>\n","protected":false},"excerpt":{"rendered":"<p>Tunnekuohuisessa hiljaisuudessa viiden Ard\u00e8chen alueella kadonneen teini-ik\u00e4isen perheet puhuivat arvokkaasti muistellen l\u00e4heisi\u00e4 nuoria ja uhmaten h\u00e4t\u00e4isi\u00e4 tuomioita. Viel\u00e4kin tunteellisessa hiljaisuudessa&hellip;<\/p>\n","protected":false},"author":1,"featured_media":3563,"comment_status":"closed","ping_status":"closed","sticky":false,"template":"","format":"standard","meta":{"footnotes":""},"categories":[1],"tags":[],"class_list":["post-3562","post","type-post","status-publish","format-standard","has-post-thumbnail","hentry","category-uncategorized"],"_links":{"self":[{"href":"https:\/\/keittioni.fkinw.com\/staging\/wp-json\/wp\/v2\/posts\/3562","targetHints":{"allow":["GET"]}}],"collection":[{"href":"https:\/\/keittioni.fkinw.com\/staging\/wp-json\/wp\/v2\/posts"}],"about":[{"href":"https:\/\/keittioni.fkinw.com\/staging\/wp-json\/wp\/v2\/types\/post"}],"author":[{"embeddable":true,"href":"https:\/\/keittioni.fkinw.com\/staging\/wp-json\/wp\/v2\/users\/1"}],"replies":[{"embeddable":true,"href":"https:\/\/keittioni.fkinw.com\/staging\/wp-json\/wp\/v2\/comments?post=3562"}],"version-history":[{"count":1,"href":"https:\/\/keittioni.fkinw.com\/staging\/wp-json\/wp\/v2\/posts\/3562\/revisions"}],"predecessor-version":[{"id":3564,"href":"https:\/\/keittioni.fkinw.com\/staging\/wp-json\/wp\/v2\/posts\/3562\/revisions\/3564"}],"wp:featuredmedia":[{"embeddable":true,"href":"https:\/\/keittioni.fkinw.com\/staging\/wp-json\/wp\/v2\/media\/3563"}],"wp:attachment":[{"href":"https:\/\/keittioni.fkinw.com\/staging\/wp-json\/wp\/v2\/media?parent=3562"}],"wp:term":[{"taxonomy":"category","embeddable":true,"href":"https:\/\/keittioni.fkinw.com\/staging\/wp-json\/wp\/v2\/categories?post=3562"},{"taxonomy":"post_tag","embeddable":true,"href":"https:\/\/keittioni.fkinw.com\/staging\/wp-json\/wp\/v2\/tags?post=3562"}],"curies":[{"name":"wp","href":"https:\/\/api.w.org\/{rel}","templated":true}]}}